{"id":850,"date":"2022-04-21T12:14:41","date_gmt":"2022-04-21T10:14:41","guid":{"rendered":"https:\/\/domainenovis.com\/?p=850"},"modified":"2022-04-21T12:14:42","modified_gmt":"2022-04-21T10:14:42","slug":"la-presse-belge-subliment-nos-vins-par-les-mots","status":"publish","type":"post","link":"https:\/\/domainenovis.com\/index.php\/2022\/04\/21\/la-presse-belge-subliment-nos-vins-par-les-mots\/","title":{"rendered":"La presse belge subliment nos vins par les mots"},"content":{"rendered":"\n<p>Nous leur avons envoy\u00e9  les \u00e9chantillons de Prieur et Capricieuse.<strong> Ils leurs ont plu! <\/strong>Puis ils nous ont fait un bel article sur le site: <a href=\"https:\/\/les5duvin.wordpress.com\/2022\/03\/04\/les-saint-jo-du-domaine-novis\/?fbclid=IwAR2Hv-ip1sjaPhnpZPTEedi1LMcnUjzhOyj8Dxcv5zF5gaLVUyI1BmKznd4\">Les Saint-Jo du Domaine Novis \u2013 Les 5 du Vin (wordpress.com)<\/a><\/p>\n\n\n\n<p>Il y a une quinzaine de jours , nous avons eu la chance de voir Johan De Groef (journaliste pour In Vino V\u00e9ritas) et Marc Vanhellmont (journaliste pour les 5 du vin) lors d&rsquo;un march\u00e9 professionnel. Un \u00e9change comme on les aime, simple, enthousiaste, et passionn\u00e9.<\/p>\n\n\n\n<p>Voici des extraits de leur articles<\/p>\n\n\n\n<p>Prieur 2019 :\u00a0\u00bb La bouche refl\u00e8te la belle maturit\u00e9 sentie tiss\u00e9e de tanins gourmands qui expriment la chair succulente des baies senties.<\/p>\n\n\n\n<p>Prieur 2020: \u00ab\u00a0La bouche certes tannique offre un jus g\u00e9n\u00e9reux et frais, tendu de notes fruit\u00e9es aux accents de prunelle, de griotte, de m\u00fbre et de cassis.\u00a0\u00bb<\/p>\n\n\n\n<p>Capricieuse 2020:\u00a0\u00bbOn y trouve avec plaisir ce caract\u00e8re un peu anguleux des Syrah septentrionale, un peu sauvage, un peu \u2018capricieuse\u2019 qui nous pla\u00eet tant.\u00a0\u00bb<\/p>\n\n\n\n<p>A bient\u00f4t!!!<\/p>\n","protected":false},"excerpt":{"rendered":"<p>Nous leur avons envoy\u00e9 les \u00e9chantillons de Prieur et Capricieuse. Ils leurs ont plu! Puis ils nous ont fait un bel article sur le site: Les Saint-Jo du Domaine Novis \u2013 Les 5 du Vin (wordpress.com) Il y a une quinzaine de jours , nous &hellip; <\/p>\n","protected":false},"author":1,"featured_media":0,"comment_status":"closed","ping_status":"closed","sticky":false,"template":"","format":"standard","meta":{"footnotes":""},"categories":[1],"tags":[],"class_list":["post-850","post","type-post","status-publish","format-standard","hentry","category-non-classe"],"_links":{"self":[{"href":"https:\/\/domainenovis.com\/index.php\/wp-json\/wp\/v2\/posts\/850","targetHints":{"allow":["GET"]}}],"collection":[{"href":"https:\/\/domainenovis.com\/index.php\/wp-json\/wp\/v2\/posts"}],"about":[{"href":"https:\/\/domainenovis.com\/index.php\/wp-json\/wp\/v2\/types\/post"}],"author":[{"embeddable":true,"href":"https:\/\/domainenovis.com\/index.php\/wp-json\/wp\/v2\/users\/1"}],"replies":[{"embeddable":true,"href":"https:\/\/domainenovis.com\/index.php\/wp-json\/wp\/v2\/comments?post=850"}],"version-history":[{"count":1,"href":"https:\/\/domainenovis.com\/index.php\/wp-json\/wp\/v2\/posts\/850\/revisions"}],"predecessor-version":[{"id":851,"href":"https:\/\/domainenovis.com\/index.php\/wp-json\/wp\/v2\/posts\/850\/revisions\/851"}],"wp:attachment":[{"href":"https:\/\/domainenovis.com\/index.php\/wp-json\/wp\/v2\/media?parent=850"}],"wp:term":[{"taxonomy":"category","embeddable":true,"href":"https:\/\/domainenovis.com\/index.php\/wp-json\/wp\/v2\/categories?post=850"},{"taxonomy":"post_tag","embeddable":true,"href":"https:\/\/domainenovis.com\/index.php\/wp-json\/wp\/v2\/tags?post=850"}],"curies":[{"name":"wp","href":"https:\/\/api.w.org\/{rel}","templated":true}]}}